{"id":316,"date":"2018-10-08T15:16:46","date_gmt":"2018-10-08T13:16:46","guid":{"rendered":"http:\/\/wp-rosenmaar.peter-petersen-schule-koeln.de\/?p=316"},"modified":"2018-10-08T15:16:46","modified_gmt":"2018-10-08T13:16:46","slug":"1990-1999","status":"publish","type":"post","link":"https:\/\/rosenmaarschule.de\/neustart\/2018\/10\/08\/1990-1999\/","title":{"rendered":"1990-1999"},"content":{"rendered":"\n<h2 class=\"wp-block-heading\">Die letzten Jahre des Jahrhunderts &#8211; Die Integration geht weiter\t<\/h2>\n\n\n\n<h3 class=\"wp-block-heading\">1990<\/h3>\n\n\n\n<p class=\"wp-block-paragraph\">Das Schuljahr 1990\/91 ist ein trauriges Jahr. Erst stirbt Edeltraud und dann Mike an Krebs. Die beiden Rosenst\u00f6ckchen links und rechts des Gartent\u00f6rchens erinnern an sie.<\/p>\n\n\n\n<h3 class=\"wp-block-heading\">1991<\/h3>\n\n\n\n<p class=\"wp-block-paragraph\">Unser Piratenschiff im gro\u00dfen Sandkasten wird beim Sommerfest eingeweiht mit einer m\u00e4rchenhaften Seer\u00e4uberposse, die die Lehrer erdacht und einstudiert hatten. Trotz str\u00f6menden Regens wollte das Schiff aber nicht vom Stapel laufen und dient den PPS-P\u00e4nz deshalb bis heute als Kletter- und Spielger\u00e4t. Die beiden Sch\u00fclertagesst\u00e4tten Rosenmaar-Ganztag und Sch\u00fclertagesst\u00e4tte Peter- Petersen-Schule schlie\u00dfen sich zusammen.<\/p>\n\n\n\n<h3 class=\"wp-block-heading\">1992<\/h3>\n\n\n\n<p class=\"wp-block-paragraph\">Als Preis f\u00fcr die Teilnahme am Wettbewerb &#8222;Gr\u00fcnes K\u00f6ln &#8211; Bl\u00fchendes K\u00f6ln&#8220; bekommt die Schule einen Walnussbaum auf dem vorderen Schulhof. Zum Jubil\u00e4um erscheint das Buch &#8222;40 Jahre PPS &#8211; sich der Wirklichkeit stellen &#8211; der Vision hinterherjagen&#8220;. Wir \u00fcberpr\u00fcfen unsere p\u00e4dagogischen Leits\u00e4tze von 1972 und erg\u00e4nzen sie. Eine Spende der &#8222;Drei K\u00f6lsche Junge&#8220; erm\u00f6glicht den Einbau einer behindertengerechten Lehrk\u00fcche. Zur Einweihung gibt es Rievkooche.<\/p>\n\n\n\n<h3 class=\"wp-block-heading\">1993<\/h3>\n\n\n\n<p class=\"wp-block-paragraph\">Zur stadtweiten Aktionswoche &#8222;Arsch huh &#8211; Z\u00e4ng ussenander&#8220; bilden wir mit Nachbarn und Kindergartenkindern eine Menschenkette rund um die Schule. Ein Antrag auf Einbau eines Aufzugs wird von der Stadt abgelehnt. Der F\u00f6rderverein beschlie\u00dft, das n\u00f6tige Geld selber aufzutreiben. Dann geschieht ein Wunder: die Aufzugfirma Hopmann stiftet anl\u00e4sslich ihres 110-j\u00e4hrigen Firmenjubil\u00e4ums die gesamte Technik!<\/p>\n\n\n\n<h3 class=\"wp-block-heading\">1994<\/h3>\n\n\n\n<p class=\"wp-block-paragraph\">Wir sind gerade mitten in einer Diskussion zur Umorganisation des Freizeitbereichs, da brennt das Blaue Haus zum zweiten Mal! Die Folge ist eine unbeschreibliche Enge in der Schule: 4 Klassen m\u00fcssen in der B\u00fccherei, dem Lehrerzimmer, der Mensa und einem Werkraum unterkommen, der offene Bereich der Ganztagsbetreuung belegt die Feierhalle, das Untergeschoss des Treppenhauses wird zum &#8222;Lehrerzimmer&#8220;. Die Kreuzchen-Listen zu unseren &#8222;Zeugnissen ohne Noten&#8220; werden abgeschafft, von jetzt ab schreiben wir nur noch frei formulierte Lernentwicklungsberichte. Die \u00dcberlegungen zu einem &#8222;offenen Schulanfang&#8220; werden konkreter.<\/p>\n\n\n\n<h3 class=\"wp-block-heading\">1995<\/h3>\n\n\n\n<p class=\"wp-block-paragraph\">Erwins Verabschiedung als Schulleiter. Sein p\u00e4dagogisches Verm\u00e4chtnis hinterl\u00e4sst er in Form von kurzen, pr\u00e4gnanten Schlagworten, die in einem Fotoband dokumentiert werden. Den Kindern verspricht er, f\u00fcr sie eine Art Schulopa zu werden und sie bei allen Problemen und Sorgen zu unterst\u00fctzen.<\/p>\n\n\n\n<p class=\"wp-block-paragraph\">Au\u00dferdem will er die Schafe weiter versorgen&#8230;<\/p>\n\n\n\n<p class=\"wp-block-paragraph\">&#8230;doch leider stirbt er schon am 15. Dezember an einem Herzinfarkt.<\/p>\n\n\n\n<p class=\"wp-block-paragraph\">Unsere behinderten Kinder werden per Gesetz endlich auch formal PPS-Sch\u00fcler: der Besuch einer Integrationsschule wird rechtlich dem einer Sonderschule gleichgestellt. Allerdings haben Eltern immer noch kein Wahlrecht.<\/p>\n\n\n\n<h3 class=\"wp-block-heading\">1996<\/h3>\n\n\n\n<p class=\"wp-block-paragraph\">Am 13.9. wird Walter Heilmann von der Schulr\u00e4tin Marianne Trompeter zum neuen Schulleiter ernannt. Am gleichen Tag feiern wir die Einweihung des wiederhergestellten Blauen Hauses. In fast allen Klassen stehen jetzt Computer (f\u00fcr F\u00f6rderunterricht, teilweise mit Spezialtastaturen). Der Ver\u00e4nderte Schultag mit neuer Rhythmisierung wird eingef\u00fchrt. Die Schule beginnt ab jetzt f\u00fcr alle Kinder jeden Tag um acht Uhr.<\/p>\n\n\n\n<h3 class=\"wp-block-heading\">1997<\/h3>\n\n\n\n<p class=\"wp-block-paragraph\">Der Schafstall brennt ab.\u00a0<br\/>Das Programm des F\u00f6rdervereinsfestes am 24.10. wird ausschlie\u00dflich durch Eltern und Mitarbeiter gestaltet. Bei der Schulkarnevalssitzung spielen zum ersten Mal die Tuschneldas, eine Lehrerinnen-Blechblas-Power-Kombo.\u00a0<br\/>Aus den Bauteilen eines Ateliers, dass der New Yorker K\u00fcnstler Rirkrit Tiravanija in den R\u00e4umen des K\u00f6lner Kunstvereins aufgebaut und wochenlang in aller \u00d6ffentlichkeit bewohnt hatte, bauen Erzieher und Kinder eine Teestube auf dem hinteren Schulhof. Von nun an der erste von Kindern selbstverwaltete Raum in der PPS. Die ersten kleinw\u00fcchsigen Kinder besuchen die PPS. Der Arbeitskreis Verkehr organisiert eine Aktion zur Verkehrsberuhigung am Lippeweg.<\/p>\n\n\n\n<h3 class=\"wp-block-heading\">1998<\/h3>\n\n\n\n<p class=\"wp-block-paragraph\">An Weiberfastnacht (19.2.) stirbt unser Hausi Willi Joos, seit 1981 Hausmeister der PPS. Er hat auf dem Gel\u00e4nde viele sichtbare Spuren hinterlassen, zuletzt den wiederaufgebauten Schafstall, zu diesem Zeitpunkt sicher das sch\u00f6nste Geb\u00e4ude der PPS. Seine Frau Monika wird seine Nachfolgerin.<\/p>\n\n\n\n<p class=\"wp-block-paragraph\">Die erste integrative Ganztagsgruppe wird eingerichtet: die Papageiengruppe. Das Schulfest &#8222;Sonne, Wind und Wasser&#8220; leitet ein Energiesparprojekt ein. Unser &#8211; erweiterter &#8211; Leistungsbegriff wird in allen Schulgremien ausf\u00fchrlich diskutiert, die Ergebnisse werden Teil eines neuen Kurz-Infos \u00fcber die PPS (Faltblatt). Die Sch\u00fclerrunde gestaltet die W\u00e4nde des Pausengangs mit einem riesigen Wandbild. Der Ver\u00e4nderte Schultag wird endg\u00fcltig ins Schulprogramm aufgenommen. Am 30.10. stirbt Prof. Kumetat, der erste Schulleiter der PPS.<\/p>\n\n\n\n<h3 class=\"wp-block-heading\">1999<\/h3>\n\n\n\n<p class=\"wp-block-paragraph\">Ein Schul-ABC erleichtert neuen Eltern den Einstieg in die PPS.\u00a0<br\/>Die Eltern verb\u00fcnden sich mit ca. 20 Schulen aller Schulformen im Stadtbezirk M\u00fclheim\u00a0<br\/>und demonstrieren auf dem Wiener Platz f\u00fcr eine Verbesserung der Lehrerstellensituation, nachdem es von Jahr zu Jahr schlechter geworden war. Der Landtag beschlie\u00dft die Einf\u00fchrung einer &#8222;Lehrerfeuerwehr&#8220;.\u00a0<br\/>Das Ganztagsangebot wird wegen wachsender Nachfrage noch einmal erweitert. Die Dschungelgruppe ist die zweite integrative Hortgruppe. Wir m\u00fcssen sie im Lehrerzimmer unterbringen. Wieder einmal schr\u00e4nken die Lehrer ihre Arbeitsbedingungen ein &#8211; zugunsten der Kinder. Eine alte Forderung an das Ministerium wird endlich erf\u00fcllt: unsere SonderschullehrerInnen, bis dahin j\u00e4hrlich neu abgeordnet, werden endlich dauerhaft an die PPS versetzt. Die Abkl\u00e4rung der rechtlichen Rahmenbedingungen nimmt viel Zeit und Energie in Anspruch. Wieder einmal hat die PPS Schrittmacherfunktion f\u00fcr andere Schulen im Land \u00fcbernommen. Die PPS nimmt zum ersten Mal am Weltkindertag im Rheinpark teil. Neben dem Schulzirkus tritt auch die Schulband &#8222;Die schwarzen Schafe&#8220; auf.\u00a0<br\/>Zu unserem Sommerfest &#8222;Markt im Mittelalter&#8220; kommen auch viele Besucher in mittelalterlichen Kost\u00fcmen.<\/p>\n","protected":false},"excerpt":{"rendered":"<p>Die letzten Jahre des Jahrhunderts &#8211; Die Integration geht weiter 1990 Das Schuljahr 1990\/91 ist ein trauriges Jahr. Erst stirbt Edeltraud und dann Mike an Krebs. Die beiden Rosenst\u00f6ckchen links und rechts des Gartent\u00f6rchens erinnern an sie. 1991 Unser Piratenschiff im gro\u00dfen Sandkasten wird beim Sommerfest eingeweiht mit einer m\u00e4rchenhaften Seer\u00e4uberposse, die die Lehrer erdacht und einstudiert hatten. Trotz str\u00f6menden Regens wollte das Schiff aber nicht vom Stapel laufen und dient den PPS-P\u00e4nz deshalb bis heute als Kletter- und Spielger\u00e4t. Die beiden Sch\u00fclertagesst\u00e4tten Rosenmaar-Ganztag und Sch\u00fclertagesst\u00e4tte Peter- Petersen-Schule schlie\u00dfen sich zusammen. 1992 Als Preis f\u00fcr die Teilnahme am Wettbewerb &#8222;Gr\u00fcnes K\u00f6ln &#8211; Bl\u00fchendes K\u00f6ln&#8220; bekommt die Schule einen Walnussbaum auf dem vorderen Schulhof. Zum Jubil\u00e4um erscheint das Buch &#8222;40 Jahre PPS &#8211; sich der Wirklichkeit stellen &#8211; der Vision hinterherjagen&#8220;. Wir \u00fcberpr\u00fcfen unsere p\u00e4dagogischen Leits\u00e4tze von 1972 und erg\u00e4nzen sie. Eine Spende der &#8222;Drei K\u00f6lsche Junge&#8220; erm\u00f6glicht den Einbau einer [&hellip;]<\/p>\n","protected":false},"author":4,"featured_media":0,"comment_status":"closed","ping_status":"closed","sticky":false,"template":"","format":"standard","meta":{"_price":"","_stock":"","_tribe_ticket_header":"","_tribe_default_ticket_provider":"","_tribe_ticket_capacity":"0","_ticket_start_date":"","_ticket_end_date":"","_tribe_ticket_show_description":"","_tribe_ticket_show_not_going":false,"_tribe_ticket_use_global_stock":"","_tribe_ticket_global_stock_level":"","_global_stock_mode":"","_global_stock_cap":"","_tribe_rsvp_for_event":"","_tribe_ticket_going_count":"","_tribe_ticket_not_going_count":"","_tribe_tickets_list":"[]","_tribe_ticket_has_attendee_info_fields":false,"footnotes":"","_tec_slr_enabled":"","_tec_slr_layout":""},"categories":[13],"tags":[],"class_list":["post-316","post","type-post","status-publish","format-standard","hentry","category-chronik"],"publishpress_future_action":{"enabled":false,"date":"2026-09-13 21:50:24","action":"change-status","newStatus":"draft","terms":[],"taxonomy":"category","extraData":[]},"publishpress_future_workflow_manual_trigger":{"enabledWorkflows":[]},"ticketed":false,"_links":{"self":[{"href":"https:\/\/rosenmaarschule.de\/neustart\/wp-json\/wp\/v2\/posts\/316","targetHints":{"allow":["GET"]}}],"collection":[{"href":"https:\/\/rosenmaarschule.de\/neustart\/wp-json\/wp\/v2\/posts"}],"about":[{"href":"https:\/\/rosenmaarschule.de\/neustart\/wp-json\/wp\/v2\/types\/post"}],"author":[{"embeddable":true,"href":"https:\/\/rosenmaarschule.de\/neustart\/wp-json\/wp\/v2\/users\/4"}],"replies":[{"embeddable":true,"href":"https:\/\/rosenmaarschule.de\/neustart\/wp-json\/wp\/v2\/comments?post=316"}],"version-history":[{"count":0,"href":"https:\/\/rosenmaarschule.de\/neustart\/wp-json\/wp\/v2\/posts\/316\/revisions"}],"wp:attachment":[{"href":"https:\/\/rosenmaarschule.de\/neustart\/wp-json\/wp\/v2\/media?parent=316"}],"wp:term":[{"taxonomy":"category","embeddable":true,"href":"https:\/\/rosenmaarschule.de\/neustart\/wp-json\/wp\/v2\/categories?post=316"},{"taxonomy":"post_tag","embeddable":true,"href":"https:\/\/rosenmaarschule.de\/neustart\/wp-json\/wp\/v2\/tags?post=316"}],"curies":[{"name":"wp","href":"https:\/\/api.w.org\/{rel}","templated":true}]}}